{"id":2812,"date":"2020-02-17T09:20:04","date_gmt":"2020-02-17T09:20:04","guid":{"rendered":"http:\/\/privateyachtcharter.pt\/lassen-sie-sich-von-lissabon-faszinieren-uns-zwar-mit-blick-auf-die-sehenswurdigkeiten-vom-fluss-tejo-aus\/"},"modified":"2020-02-27T16:00:14","modified_gmt":"2020-02-27T16:00:14","slug":"lassen-sie-sich-von-lissabon-faszinieren-uns-zwar-mit-blick-auf-die-sehenswurdigkeiten-vom-fluss-tejo-aus","status":"publish","type":"post","link":"https:\/\/privateyachtcharter.pt\/de\/lassen-sie-sich-von-lissabon-faszinieren-uns-zwar-mit-blick-auf-die-sehenswurdigkeiten-vom-fluss-tejo-aus\/","title":{"rendered":"Lassen Sie sich von Lissabon faszinieren uns zwar mit Blick auf die Sehensw\u00fcrdigkeiten vom Fluss Tejo aus."},"content":{"rendered":"<p>[et_pb_section fb_built=&#8220;1&#8243; _builder_version=&#8220;3.19.5&#8243; background_color=&#8220;#2991d6&#8243; custom_margin=&#8220;0px||0px&#8220; custom_padding=&#8220;0|0px|58px|0px|false|false&#8220; top_divider_style=&#8220;slant2&#8243; top_divider_color=&#8220;#2275ac&#8220; top_divider_height=&#8220;170px&#8220; top_divider_flip=&#8220;vertical&#8220;][et_pb_row custom_padding=&#8220;0|0px|0|0px|false|false&#8220; _builder_version=&#8220;3.19.5&#8243;][et_pb_column type=&#8220;4_4&#8243; _builder_version=&#8220;3.0.47&#8243; parallax=&#8220;off&#8220; parallax_method=&#8220;on&#8220;][et_pb_divider show_divider=&#8220;off&#8220; _builder_version=&#8220;3.19.5&#8243;][\/et_pb_divider][\/et_pb_column][\/et_pb_row][et_pb_row make_equal=&#8220;on&#8220; background_repeat_1=&#8220;no-repeat&#8220; background_repeat_2=&#8220;no-repeat&#8220; module_id=&#8220;lisboa&#8220; _builder_version=&#8220;3.19.5&#8243;][et_pb_column type=&#8220;4_4&#8243; _builder_version=&#8220;3.0.47&#8243; parallax=&#8220;off&#8220; parallax_method=&#8220;on&#8220; background_repeat=&#8220;no-repeat&#8220;][et_pb_image src=&#8220;http:\/\/privateyachtcharter.pt\/wp-content\/uploads\/2019\/03\/PrivateYachtCharter_Lisboa_Noite.jpg&#8220; _builder_version=&#8220;3.19.5&#8243;][\/et_pb_image][et_pb_text _builder_version=&#8220;3.19.5&#8243; text_font=&#8220;||||||||&#8220; text_text_color=&#8220;#ffffff&#8220;]Lassen Sie sich von Lissabon faszinieren uns zwar mit Blick auf die Sehensw\u00fcrdigkeiten vom Fluss Tejo aus.. Nur wer Lissabon von einem Boot aus gesehen hat, hat den richtigen \u00dcberblick, und zwar mit unseren privaten Yachtcharter ausschlie\u00dflich f\u00fcr Sie, Ihre Familie oder Freunde.<br \/>\nWir passieren die wichtigsten nationalen Denkm\u00e4ler vom Wasser aus!<\/p>\n<p>Entdecken Sie die gro\u00dfartigen Sehensw\u00fcrdigkeiten von Lissabon. Unsere Bootsvermietungen starten von Doca Santo Amaro in Alcantara, dem Yachthafen direkt unter der gro\u00dfen roten Br\u00fccke \u201e25 de Abril\u201c. Doca de Santo Amaro ist umgeben von einer Vielzahl von Restaurants, Bars und einem regem Nachtleben. Wenn Sie in Lissabon sind, sollten Sie die \u201eDocas\u201c auf Ihrer Reiseroute nicht auslassen.<br \/>\n[\/et_pb_text][\/et_pb_column][\/et_pb_row][\/et_pb_section][et_pb_section fb_built=&#8220;1&#8243; _builder_version=&#8220;3.19.5&#8243; background_color=&#8220;#1e2e42&#8243; custom_margin=&#8220;0px||0px&#8220; custom_padding=&#8220;0|0px|0|0px|false|false&#8220;][et_pb_row use_custom_width=&#8220;on&#8220; custom_padding=&#8220;72px|0px|26px|0|false|false&#8220; make_equal=&#8220;on&#8220; background_repeat_1=&#8220;no-repeat&#8220; background_repeat_2=&#8220;no-repeat&#8220; _builder_version=&#8220;3.19.5&#8243;][et_pb_column type=&#8220;4_4&#8243; _builder_version=&#8220;3.0.47&#8243; parallax=&#8220;off&#8220; parallax_method=&#8220;on&#8220; background_repeat=&#8220;no-repeat&#8220;][et_pb_image src=&#8220;http:\/\/privateyachtcharter.pt\/wp-content\/uploads\/2019\/03\/PrivateYachtCharter_Torre_Belem.jpg&#8220; show_bottom_space=&#8220;off&#8220; align=&#8220;center&#8220; force_fullwidth=&#8220;on&#8220; _builder_version=&#8220;3.19.5&#8243; custom_margin=&#8220;0px||0px&#8220;][\/et_pb_image][et_pb_text _builder_version=&#8220;3.19.5&#8243; text_font=&#8220;||||||||&#8220; text_text_color=&#8220;#ffffff&#8220;]Am Ufer des Tejo entlang zu navegieren ist ohne Zweifel der beste Weg, um die Sch\u00f6nheit Lissabons aus einer anderen Perspektive zu erleben. Wir werden mit Ihnen gemeinsam, die perfekte Lissabon-Fluss-Tour f\u00fcr Sie individuel entwerfen. Die Fahrt auf dem Tejo ist atemberaubend sch\u00f6n, besonders der K\u00fcstenabschnitt von Estoril den Sie auf dem Weg von Lissabon Richtung Cascais, sehen werden.<br \/>\n[\/et_pb_text][et_pb_text _builder_version=&#8220;3.19.5&#8243; text_font=&#8220;||||||||&#8220; text_text_color=&#8220;#ffffff&#8220;](westlich von Lissabon) Diese private Yachttour f\u00fchrt Sie von Doca de Santo Amaro ausgehend unter die Br\u00fccke (25 de Abril) durch , wo Sie einen Panoramablick auf Lissabon genie\u00dfen k\u00f6nnen. Unter anderem Sehensw\u00fcrdigkeiten ist des Denkmals der Entdeckungen (Padr\u00e3o dos Descobrimentos), der Turm von Bel\u00e9m, (Torre de Belhem) und das Christusdenkmal (Cristo Rei) um nur einige wenige zu nennen.<\/p>\n<p>Dieser Private Yacht Charter\u00ae\u00a0Tour f\u00fchrt uns an Oeiras, Carcavelos , Parede, und an verschiedenen Festungsanlagen vorbei. (Forte Bugio)<br \/>\n[\/et_pb_text][et_pb_image _builder_version=&#8220;3.19.5&#8243; border_radii=&#8220;on|12px|12px|12px|12px&#8220;][\/et_pb_image][\/et_pb_column][\/et_pb_row][\/et_pb_section][et_pb_section fb_built=&#8220;1&#8243; _builder_version=&#8220;3.19.5&#8243; background_color=&#8220;#969696&#8243;][et_pb_row _builder_version=&#8220;3.19.5&#8243;][et_pb_column type=&#8220;4_4&#8243; _builder_version=&#8220;3.0.47&#8243; parallax=&#8220;off&#8220; parallax_method=&#8220;on&#8220;][et_pb_image src=&#8220;http:\/\/privateyachtcharter.pt\/wp-content\/uploads\/2019\/03\/PrivateYachtCharter_Praca_Comercio.jpg&#8220; _builder_version=&#8220;3.19.5&#8243;][\/et_pb_image][et_pb_text _builder_version=&#8220;3.19.5&#8243; text_font=&#8220;||||||||&#8220; text_text_color=&#8220;#ffffff&#8220;]<\/p>\n<div class=\"et_pb_module et_pb_text et_pb_text_13 et_pb_bg_layout_light  et_pb_text_align_left\">\n<div class=\"et_pb_text_inner\">\n<p>Falls Sie sich f\u00fcr eine private\u00a0<strong>Luxusyacht<\/strong>\u00a0 Fluss Tour in Richtung Osten vom Yachthafen aus entscheiden und Lissabon sehen m\u00f6chten, k\u00f6nnen Sie den Charme und die Artenvielfalt der Expo \u00e1rea \u2013 Neu Lisbon erkunden. Auf diesem privaten Motorboots -Charter genie\u00dfen Sie einen Panoramablick auf Lissabon. Etwas oberhalb der Altstadt gelegen: das Castelo de S\u00e3o Jorge (Castelo de S\u00e3o Jorge), eines der bekanntesten Wahrzeichen von Lissabon und Alfama. Der Pante\u00e3o, der Pra\u00e7a do Com\u00e9rcio, der englische Handelsplatz und der Hauptplatz von Lissabon, die Vasco da Gama Br\u00fccke, die l\u00e4ngste Br\u00fccke Europas..<\/p>\n<\/div>\n<\/div>\n<div class=\"et_pb_module et_pb_text et_pb_text_14 et_pb_bg_layout_light  et_pb_text_align_left\">\n<div class=\"et_pb_text_inner\">\n<p>Um nur ein paar der Sehensw\u00fcrdigkeiten zu nennen. Der Marina Parque das Na\u00e7\u00f5es befindet sich in bester Lage neben dem Naturschutzgebiet \u201cTejo-M\u00fcndung\u201d, das als eines der zehn wichtigsten Fluss-M\u00fcndungsgebiete Europas gilt und sich hervorragend f\u00fcr die Vogelbeobachtung eignet<\/p>\n<\/div>\n<\/div>\n<div class=\"et_pb_module et_pb_text et_pb_text_15 et_pb_bg_layout_light  et_pb_text_align_left\">\n<div class=\"et_pb_text_inner\">\n<p>Der Fluss f\u00fchrt uns auch zu St\u00e4dten wie Seixal und Montijo, Orte, voller Stolz und Tradition, oder nach Alcochete, einem Fischerdorf maurischen Ursprungs aus dem 16. Jahrhundert mit einer ber\u00fchmten nautischen Tradition. Am Ufer des Tejo liegen einige der traditionellle Boote.<br \/>\nEines unserer Lieblingsziele f\u00fcr unsere privaten Tejo-Motorboot-Charter Touren in Lissabon ist Seixal mit seinen verschiedenen traditionellen Restaurants in einer einzigartigen Lage. Hier bieten wir Ihnen w\u00e4hrend des ganzt\u00e4gig luxuri\u00f6sen Yacht charter als Option, zum Mittagessen in Seixal einzukehren. Private Yacht Charter\u00ae\u00a0Portugal m\u00f6chte, dass Sie einen VIP-Tag erleben. Schwimmen, Entspannen, Genie\u00dfen\u2026<\/p>\n<\/div>\n<\/div>\n<p>[\/et_pb_text][et_pb_image src=&#8220;http:\/\/privateyachtcharter.pt\/wp-content\/uploads\/2019\/03\/PrivateYachtCharter_Lisboa.jpg&#8220; _builder_version=&#8220;3.19.5&#8243;][\/et_pb_image][\/et_pb_column][\/et_pb_row][\/et_pb_section][et_pb_section fb_built=&#8220;1&#8243; _builder_version=&#8220;3.19.5&#8243; background_color=&#8220;#2275ac&#8220; custom_padding=&#8220;0|0px|0|0px|false|false&#8220;][et_pb_row use_custom_gutter=&#8220;on&#8220; gutter_width=&#8220;1&#8243; custom_padding=&#8220;0|0px|0|0px|false|false&#8220; make_equal=&#8220;on&#8220; background_color_2=&#8220;#1e2e42&#8243; _builder_version=&#8220;3.19.5&#8243;][et_pb_column type=&#8220;4_4&#8243; _builder_version=&#8220;3.0.47&#8243; parallax=&#8220;off&#8220; parallax_method=&#8220;on&#8220;][et_pb_text _builder_version=&#8220;3.19.5&#8243; text_font=&#8220;||||||||&#8220; text_text_color=&#8220;#ffffff&#8220; custom_margin_last_edited=&#8220;off|desktop&#8220; custom_padding=&#8220;55px||55px&#8220; custom_padding_tablet=&#8220;55px|83px|55px|76px&#8220; custom_padding_phone=&#8220;|0px||0px&#8220; custom_padding_last_edited=&#8220;on|desktop&#8220;]<\/p>\n<p>Da sich See- und Wetterbedingungen \u00e4ndern k\u00f6nnen, nehmen wir in Ihrem besten Interesse gegebenenfalls \u00c4nderungen an den Routen vor. Unsere Charter Touren entscheiden sich immer an dem gebuchten Tag und immer mit R\u00fccksicht auf Wetter und Seebedingungen, da der Wellengang oder der Wind unsere navegierungs-M\u00f6glichkeiten beeintr\u00e4chtigen kann.<\/p>\n<p>Sicherheit und Komfort stehen immer an erster Stelle! Unsere Bootsvermietungen wurden f\u00fcr Familien mit Kindern, Babys und Jugendlichen konzipiert.<\/p>\n<p>Wir stellen nur die besten und erfahrensten Mitarbeiter ein, um sicherzustellen, dass der Yachtcharter Ihren Erwartungen entspricht.<\/p>\n<p>[\/et_pb_text][\/et_pb_column][\/et_pb_row][\/et_pb_section][et_pb_section fb_built=&#8220;1&#8243; _builder_version=&#8220;3.19.5&#8243;][et_pb_row custom_padding=&#8220;10px|0px|27px|0px|false|false&#8220; _builder_version=&#8220;3.19.5&#8243;][et_pb_column type=&#8220;4_4&#8243; _builder_version=&#8220;3.0.47&#8243; parallax=&#8220;off&#8220; parallax_method=&#8220;on&#8220;][et_pb_text _builder_version=&#8220;3.19.5&#8243;]Unsere Charter Yachten sind auf h\u00f6chstem Niveau und verf\u00fcgen \u00fcber alle nach portugiesischem Recht erforderlichen Sicherheitsausr\u00fcstungen und werden j\u00e4hrlich \u00fcberpr\u00fcft.<\/p>\n<p>Ma\u00dfgeschneiderte Feiern:<\/p>\n<p>Wir k\u00f6nnen private\u00a0<strong>Yacht Charter<\/strong>\u00a0f\u00fcr viele Anl\u00e4sse anbieten. Unsere Skipper sind\u00a0 inzwischen zu Spezialisten geworden, um bei Feiern zu besondere Anl\u00e4sse in Lissabon zu helfen.\u00a0 Insbesondere Geburtstage, Jubil\u00e4en, Heiratsantr\u00e4ge und die Erneuerung von Gel\u00fcbden.<br \/>\n[\/et_pb_text][et_pb_blurb use_icon=&#8220;on&#8220; font_icon=&#8220;%%250%%&#8220; icon_color=&#8220;#444444&#8243; icon_placement=&#8220;left&#8220; content_max_width=&#8220;1100px&#8220; _builder_version=&#8220;3.19.5&#8243; header_font=&#8220;||||||||&#8220; body_font=&#8220;||||||||&#8220;]Lissabon -Geburtstags- \u00dcberraschungs\u00a0<strong>Yacht Charter<\/strong>[\/et_pb_blurb][et_pb_blurb use_icon=&#8220;on&#8220; font_icon=&#8220;%%250%%&#8220; icon_color=&#8220;#444444&#8243; icon_placement=&#8220;left&#8220; content_max_width=&#8220;1100px&#8220; _builder_version=&#8220;3.19.5&#8243; header_font=&#8220;||||||||&#8220; body_font=&#8220;||||||||&#8220;]<\/p>\n<p id=\"tw-target-text\" class=\"tw-data-text tw-text-large tw-ta\" dir=\"ltr\" data-placeholder=\"Tradu\u00e7\u00e3o\">Lissabon-Kreuzfahrt <strong>Yacht Charter<\/strong><\/p>\n<p>[\/et_pb_blurb][et_pb_blurb use_icon=&#8220;on&#8220; font_icon=&#8220;%%250%%&#8220; icon_color=&#8220;#444444&#8243; icon_placement=&#8220;left&#8220; content_max_width=&#8220;1100px&#8220; _builder_version=&#8220;3.19.5&#8243; header_font=&#8220;||||||||&#8220; body_font=&#8220;||||||||&#8220;]Lissabon Jubil\u00e4ums Yacht Charter[\/et_pb_blurb][\/et_pb_column][\/et_pb_row][et_pb_row custom_padding=&#8220;27px|0px|4px|0px|false|false&#8220; _builder_version=&#8220;3.19.5&#8243;][et_pb_column type=&#8220;1_2&#8243; _builder_version=&#8220;3.0.47&#8243; parallax=&#8220;off&#8220; parallax_method=&#8220;on&#8220;][et_pb_button button_url=&#8220;http:\/\/privateyachtcharter.pt\/de\/unsere-flotte\/&#8220; button_text=&#8220;\u00dcberpr\u00fcfen Sie die gesamte Flotte&#8220; button_alignment=&#8220;center&#8220; _builder_version=&#8220;3.19.5&#8243; custom_button=&#8220;on&#8220; button_font=&#8220;||||||||&#8220;][\/et_pb_button][\/et_pb_column][et_pb_column type=&#8220;1_2&#8243; _builder_version=&#8220;3.0.47&#8243; parallax=&#8220;off&#8220; parallax_method=&#8220;on&#8220;][et_pb_button button_url=&#8220;http:\/\/privateyachtcharter.pt\/de\/verfuegbarkeit-pruefen\/&#8220; button_text=&#8220; \u00dcberpr\u00fcfen Sie die Verf\u00fcgbarkeit&#8220; button_alignment=&#8220;center&#8220; _builder_version=&#8220;3.19.5&#8243; custom_button=&#8220;on&#8220; button_font=&#8220;||||||||&#8220;][\/et_pb_button][\/et_pb_column][\/et_pb_row][\/et_pb_section]<\/p>\n","protected":false},"excerpt":{"rendered":"<p>Lassen Sie sich von Lissabon faszinieren uns zwar mit Blick auf die Sehensw\u00fcrdigkeiten vom Fluss Tejo aus.. Nur wer Lissabon von einem Boot aus gesehen hat, hat den richtigen \u00dcberblick, und zwar mit unseren privaten Yachtcharter ausschlie\u00dflich f\u00fcr Sie, Ihre Familie oder Freunde.<br \/>\nWir passieren die wichtigsten nationalen Denkm\u00e4ler vom Wasser aus!<\/p>\n","protected":false},"author":6,"featured_media":2813,"comment_status":"closed","ping_status":"closed","sticky":false,"template":"","format":"standard","meta":{"_et_pb_use_builder":"on","_et_pb_old_content":"","_et_gb_content_width":"","footnotes":""},"categories":[41],"tags":[],"class_list":["post-2812","post","type-post","status-publish","format-standard","has-post-thumbnail","hentry","category-lissabon"],"aioseo_notices":[],"acf":[],"_links":{"self":[{"href":"https:\/\/privateyachtcharter.pt\/de\/wp-json\/wp\/v2\/posts\/2812","targetHints":{"allow":["GET"]}}],"collection":[{"href":"https:\/\/privateyachtcharter.pt\/de\/wp-json\/wp\/v2\/posts"}],"about":[{"href":"https:\/\/privateyachtcharter.pt\/de\/wp-json\/wp\/v2\/types\/post"}],"author":[{"embeddable":true,"href":"https:\/\/privateyachtcharter.pt\/de\/wp-json\/wp\/v2\/users\/6"}],"replies":[{"embeddable":true,"href":"https:\/\/privateyachtcharter.pt\/de\/wp-json\/wp\/v2\/comments?post=2812"}],"version-history":[{"count":4,"href":"https:\/\/privateyachtcharter.pt\/de\/wp-json\/wp\/v2\/posts\/2812\/revisions"}],"predecessor-version":[{"id":3081,"href":"https:\/\/privateyachtcharter.pt\/de\/wp-json\/wp\/v2\/posts\/2812\/revisions\/3081"}],"wp:featuredmedia":[{"embeddable":true,"href":"https:\/\/privateyachtcharter.pt\/de\/wp-json\/wp\/v2\/media\/2813"}],"wp:attachment":[{"href":"https:\/\/privateyachtcharter.pt\/de\/wp-json\/wp\/v2\/media?parent=2812"}],"wp:term":[{"taxonomy":"category","embeddable":true,"href":"https:\/\/privateyachtcharter.pt\/de\/wp-json\/wp\/v2\/categories?post=2812"},{"taxonomy":"post_tag","embeddable":true,"href":"https:\/\/privateyachtcharter.pt\/de\/wp-json\/wp\/v2\/tags?post=2812"}],"curies":[{"name":"wp","href":"https:\/\/api.w.org\/{rel}","templated":true}]}}