{"id":2628,"date":"2020-02-11T09:15:03","date_gmt":"2020-02-11T09:15:03","guid":{"rendered":"http:\/\/privateyachtcharter.pt\/die-benagil-hohlen\/"},"modified":"2020-03-06T13:22:24","modified_gmt":"2020-03-06T13:22:24","slug":"die-benagil-hohlen","status":"publish","type":"post","link":"https:\/\/privateyachtcharter.pt\/de\/die-benagil-hohlen\/","title":{"rendered":"Die Benagil-H\u00f6hlen"},"content":{"rendered":"<p>[et_pb_section fb_built=&#8220;1&#8243; prev_background_color=&#8220;#ffffff&#8220; module_id=&#8220;algarve&#8220; _builder_version=&#8220;3.22&#8243; background_color=&#8220;#2275ac&#8220; custom_padding=&#8220;64px|0px|54px|0px|false|false&#8220; top_divider_style=&#8220;slant2&#8243; top_divider_height=&#8220;170px&#8220;][et_pb_row make_equal=&#8220;on&#8220; _builder_version=&#8220;3.25&#8243;][et_pb_column type=&#8220;4_4&#8243; _builder_version=&#8220;3.25&#8243; custom_padding=&#8220;|||&#8220; custom_padding__hover=&#8220;|||&#8220;][et_pb_image src=&#8220;http:\/\/privateyachtcharter.pt\/wp-content\/uploads\/2020\/02\/Benagil-Flavia.jpg&#8220; align_tablet=&#8220;center&#8220; align_phone=&#8220;&#8220; align_last_edited=&#8220;on|desktop&#8220; _builder_version=&#8220;3.23&#8243;][\/et_pb_image][et_pb_divider show_divider=&#8220;off&#8220; _builder_version=&#8220;3.19.5&#8243; height=&#8220;54px&#8220;][\/et_pb_divider][et_pb_text _builder_version=&#8220;3.27.4&#8243; text_font=&#8220;||||||||&#8220; text_text_color=&#8220;#ffffff&#8220;]<\/p>\n<p>Die Benagil-H\u00f6hlen sind ein &#8222;Muss&#8220;, wenn Sie die Algarve besuchen, und in Bezug auf &#8222;Dinge, die an der Algarve zu tun sind&#8220; sollten Sie unsere private Benagil-Tour von Portim\u00e3o aus, an Bord einer privaten Luxusyacht mit Crew nicht verpassen.<\/p>\n<p>Die Meeresh\u00f6hle von Benagil ist eine riesige kuppelf\u00f6rmige H\u00f6hle mit nat\u00fcrlichen \u00d6ffnungen, durch die das Sonnenlicht hindurchstr\u00f6men kann.<\/p>\n<p>Mit Private Yacht Charter Portugal k\u00f6nnen Sie ein Boot mieten und von Portim\u00e3o aus nach Carvoeiro entlang des sch\u00f6nsten Teils der ohnehin schon wundersch\u00f6nen Algarve-K\u00fcste navegieren.\u00a0 Sie k\u00f6nnen die Benagil-H\u00f6hle besuchen und werden auch andere weniger bekannte, aber ebenso sch\u00f6ne H\u00f6hlen sehen.<\/p>\n<p>In bestimmten F\u00e4llen k\u00f6nnen wir unsere Touren auch von Marina de Lagos aus arrangieren. Immer auf Ihre Bed\u00fcrfnisse und Ihren Geschmack zugeschnitten.<\/p>\n<p>[\/et_pb_text][et_pb_image align_tablet=&#8220;center&#8220; align_phone=&#8220;&#8220; align_last_edited=&#8220;on|desktop&#8220; _builder_version=&#8220;3.23&#8243; border_radii=&#8220;on|12px|12px|12px|12px&#8220;][\/et_pb_image][\/et_pb_column][\/et_pb_row][\/et_pb_section][et_pb_section fb_built=&#8220;1&#8243; prev_background_color=&#8220;#2275ac&#8220; next_background_color=&#8220;#9b9b9b&#8220; _builder_version=&#8220;3.22&#8243; background_color=&#8220;#1e2e42&#8243; top_divider_style=&#8220;triangle&#8220; top_divider_height=&#8220;32px&#8220; top_divider_flip=&#8220;vertical&#8220; bottom_divider_style=&#8220;triangle&#8220; bottom_divider_height=&#8220;32px&#8220; bottom_divider_flip=&#8220;vertical&#8220;][et_pb_row _builder_version=&#8220;3.25&#8243;][et_pb_column type=&#8220;4_4&#8243; _builder_version=&#8220;3.25&#8243; custom_padding=&#8220;|||&#8220; custom_padding__hover=&#8220;|||&#8220;][et_pb_image src=&#8220;http:\/\/privateyachtcharter.pt\/wp-content\/uploads\/2020\/02\/DJI_0428.jpg&#8220; align=&#8220;center&#8220; force_fullwidth=&#8220;on&#8220; align_tablet=&#8220;center&#8220; align_phone=&#8220;&#8220; align_last_edited=&#8220;on|desktop&#8220; _builder_version=&#8220;3.23&#8243;][\/et_pb_image][et_pb_divider show_divider=&#8220;off&#8220; _builder_version=&#8220;3.19.5&#8243; height=&#8220;54px&#8220;][\/et_pb_divider][\/et_pb_column][\/et_pb_row][\/et_pb_section][et_pb_section fb_built=&#8220;1&#8243; _builder_version=&#8220;3.22&#8243; background_color=&#8220;#9b9b9b&#8220;][et_pb_row _builder_version=&#8220;3.25&#8243;][et_pb_column type=&#8220;4_4&#8243; _builder_version=&#8220;3.25&#8243; custom_padding=&#8220;|||&#8220; custom_padding__hover=&#8220;|||&#8220;][et_pb_text _builder_version=&#8220;3.27.4&#8243; text_font=&#8220;||||||||&#8220; text_text_color=&#8220;#ffffff&#8220;]Der Vorteil einer privaten Bootsvermietung ist, dass Sie gemeinsam mit unseren Skippern entscheiden k\u00f6nnen, ob Sie lieber nach wilden Delfinen ausschau halten, schwimmen und schnorcheln oder einfach nur die Sch\u00f6nheit der Algarve mit ihren geheimen Str\u00e4nden entdecken m\u00f6chten. W\u00e4hrend unserer Bootsfahrten werden wir einige Zeit vor Anker gehen, um zu schwimmen und das Wasser zu genie\u00dfen. Einige der Yachtsoptionen verf\u00fcgen \u00fcber Schnorchelausr\u00fcstung, einige \u00fcber ein SUP (Stand Up Paddle Board), andere \u00fcber einen aufblasbaren Kajak.<br \/>\n[\/et_pb_text][et_pb_image src=&#8220;http:\/\/privateyachtcharter.pt\/wp-content\/uploads\/2020\/02\/4632-1.jpg&#8220; align=&#8220;center&#8220; force_fullwidth=&#8220;on&#8220; align_tablet=&#8220;center&#8220; align_phone=&#8220;&#8220; align_last_edited=&#8220;on|desktop&#8220; _builder_version=&#8220;3.23&#8243;][\/et_pb_image][\/et_pb_column][\/et_pb_row][\/et_pb_section][et_pb_section fb_built=&#8220;1&#8243; _builder_version=&#8220;3.22&#8243; background_color=&#8220;#1e2e42&#8243;][et_pb_row _builder_version=&#8220;3.25&#8243;][et_pb_column type=&#8220;4_4&#8243; _builder_version=&#8220;3.25&#8243; custom_padding=&#8220;|||&#8220; custom_padding__hover=&#8220;|||&#8220;][et_pb_text _builder_version=&#8220;3.27.4&#8243; text_font=&#8220;||||||||&#8220; text_text_color=&#8220;#ffffff&#8220;]Ein absolutes Highlight ist es, die Delfine in ihrem nat\u00fcrlichen Lebensraum zu beobachten. Seit \u00fcber 20 Jahren geh\u00f6ren die Delfine in Portugal zu den gesch\u00fctzten Arten. Wir haben unser Funkger\u00e4t stets auf Empfang, um jegliche Sichtung der Delfine mitzuh\u00f6ren, und auf Grund unseren potenten Motoren k\u00f6nnen wir sie schnell erreichen, damit Sie dieses einzigartige Erlebnis, genie\u00dfen k\u00f6nnen.<\/p>\n<p>Sonnenunterg\u00e4nge und Sonnenvibes\u00a0 auf dem Meer sind immer etwas Besonderes, mit Ihrer Familie und Ihren Freunden an Bord eines privaten Luxusboots Delfine zu beobachten, wird eine unvergessliche Erinnerung bleiben.<\/p>\n<p>Die Ziele und Aktivit\u00e4ten richten sich nach den Seebedingungen, dem Wetter und den W\u00fcnschen Ihrer Gruppe. Wenn sich die See- und Wetterbedingungen \u00e4ndern, sind wir vorbereitet und passen die Reiserouten an, damit Sie immer das Beste bekommen. Da sich See- und Wetterbedingungen \u00e4ndern k\u00f6nnen, nehmen wir gegebenenfalls in Ihrem besten Interesse \u00c4nderungen an den Touren vor. Unsere Charter Touren entscheiden sich immer erst an dem gebuchten Tag und nehmen immer\u00a0 R\u00fccksicht auf\u00a0 Wetter und Seebedingungen, da der Wellengang oder der Wind unsere Navegierungs-<\/p>\n<p>M\u00f6glichkeiten beeinflussen k\u00f6nnen, um die H\u00f6hlen zu besuchen.<\/p>\n<p>Unsere Top Algarve Erlebnisse: Benagil H\u00f6hlen, Delfine beobachten, Algarve Tagestour, Junggesellen\/innen Abschied Charter, Jubil\u00e4ums Charter, Geburtstags Charter, Segelt\u00f6rn<br \/>\n[\/et_pb_text][et_pb_image src=&#8220;http:\/\/privateyachtcharter.pt\/wp-content\/uploads\/2019\/03\/DJI_0442.jpg&#8220; align=&#8220;center&#8220; force_fullwidth=&#8220;on&#8220; align_tablet=&#8220;center&#8220; align_phone=&#8220;&#8220; align_last_edited=&#8220;on|desktop&#8220; _builder_version=&#8220;3.23&#8243;][\/et_pb_image][\/et_pb_column][\/et_pb_row][\/et_pb_section][et_pb_section fb_built=&#8220;1&#8243; _builder_version=&#8220;3.22&#8243; background_color=&#8220;#2991d6&#8243; custom_padding=&#8220;54px|0px|54px|0px|false|false&#8220;][et_pb_row _builder_version=&#8220;3.25&#8243;][et_pb_column type=&#8220;4_4&#8243; _builder_version=&#8220;3.25&#8243; custom_padding=&#8220;|||&#8220; custom_padding__hover=&#8220;|||&#8220;][et_pb_text _builder_version=&#8220;4.4.0&#8243; text_font=&#8220;||||||||&#8220; header_font=&#8220;||||||||&#8220; header_2_font=&#8220;||||||||&#8220; header_2_text_align=&#8220;right&#8220; header_2_text_color=&#8220;#ffffff&#8220; header_3_font=&#8220;||||||||&#8220; header_3_text_color=&#8220;#ffffff&#8220; header_3_font_size=&#8220;25px&#8220;]<\/p>\n<p><span style=\"color: #ffffff;\">Unsere klassischen Bootsfahrtern:<\/span><\/p>\n<p><span style=\"font-size: 21px; background-color: #2991d6; color: #ffffff;\">Vormittags Bootstour, Nachmittags Bootsfahrt, Ganztages Bootsfahrt, Sonnenuntergangs Bootstour<\/span><\/p>\n<p>[\/et_pb_text][et_pb_divider color=&#8220;#ffffff&#8220; divider_weight=&#8220;2px&#8220; _builder_version=&#8220;3.19.5&#8243; max_width=&#8220;15%&#8220; height=&#8220;0px&#8220; custom_margin=&#8220;-28px||&#8220;][\/et_pb_divider][et_pb_blurb use_icon=&#8220;on&#8220; font_icon=&#8220;%%250%%&#8220; icon_color=&#8220;#ffffff&#8220; icon_placement=&#8220;left&#8220; content_max_width=&#8220;1100px&#8220; _builder_version=&#8220;3.19.5&#8243; header_font=&#8220;||||||||&#8220; body_font=&#8220;||||||||&#8220; body_text_color=&#8220;#ffffff&#8220;]Bluetooth an Bord<br \/>\n[\/et_pb_blurb][et_pb_blurb use_icon=&#8220;on&#8220; font_icon=&#8220;%%250%%&#8220; icon_color=&#8220;#ffffff&#8220; icon_placement=&#8220;left&#8220; content_max_width=&#8220;1100px&#8220; _builder_version=&#8220;3.19.5&#8243; header_font=&#8220;||||||||&#8220; body_font=&#8220;||||||||&#8220; body_text_color=&#8220;#ffffff&#8220;]Begr\u00fc\u00dfungsgetr\u00e4nk inbegriffen[\/et_pb_blurb][et_pb_blurb use_icon=&#8220;on&#8220; font_icon=&#8220;%%250%%&#8220; icon_color=&#8220;#ffffff&#8220; icon_placement=&#8220;left&#8220; content_max_width=&#8220;1100px&#8220; _builder_version=&#8220;3.19.5&#8243; header_font=&#8220;||||||||&#8220; body_font=&#8220;||||||||&#8220; body_text_color=&#8220;#ffffff&#8220;]<\/p>\n<p id=\"tw-target-text\" class=\"tw-data-text tw-text-large tw-ta\" dir=\"ltr\" data-placeholder=\"Tradu\u00e7\u00e3o\">Wein, Bier und Softdrinks<\/p>\n<p>[\/et_pb_blurb][et_pb_blurb use_icon=&#8220;on&#8220; font_icon=&#8220;%%250%%&#8220; icon_color=&#8220;#ffffff&#8220; icon_placement=&#8220;left&#8220; content_max_width=&#8220;1100px&#8220; _builder_version=&#8220;3.19.5&#8243; header_font=&#8220;||||||||&#8220; body_font=&#8220;||||||||&#8220; body_text_color=&#8220;#ffffff&#8220;]Leichte Snacks[\/et_pb_blurb][et_pb_blurb use_icon=&#8220;on&#8220; font_icon=&#8220;%%250%%&#8220; icon_color=&#8220;#ffffff&#8220; icon_placement=&#8220;left&#8220; content_max_width=&#8220;1100px&#8220; _builder_version=&#8220;3.19.5&#8243; header_font=&#8220;||||||||&#8220; body_font=&#8220;||||||||&#8220; body_text_color=&#8220;#ffffff&#8220;]Verwendung von SUP oder Kayak<br \/>\n[\/et_pb_blurb][et_pb_blurb use_icon=&#8220;on&#8220; font_icon=&#8220;%%250%%&#8220; icon_color=&#8220;#ffffff&#8220; icon_placement=&#8220;left&#8220; content_max_width=&#8220;1100px&#8220; _builder_version=&#8220;3.19.5&#8243; header_font=&#8220;||||||||&#8220; body_font=&#8220;||||||||&#8220; body_text_color=&#8220;#ffffff&#8220;]Transferm\u00f6glichkeiten. Bitte senden Sie eine Anfrage f\u00fcr ein Angebot<br \/>\n[\/et_pb_blurb][et_pb_blurb use_icon=&#8220;on&#8220; font_icon=&#8220;%%250%%&#8220; icon_color=&#8220;#ffffff&#8220; icon_placement=&#8220;left&#8220; content_max_width=&#8220;1100px&#8220; _builder_version=&#8220;4.4.0&#8243; header_font=&#8220;||||||||&#8220; body_font=&#8220;||||||||&#8220; body_text_color=&#8220;#ffffff&#8220;]Bei der Ganztagesbootsfahrt ist eine Reservierung f\u00fcr das Mittagessen auf Anfrage m\u00f6glich[\/et_pb_blurb][\/et_pb_column][\/et_pb_row][\/et_pb_section][et_pb_section fb_built=&#8220;1&#8243; _builder_version=&#8220;3.22&#8243; background_color=&#8220;#1e2e42&#8243;][et_pb_row _builder_version=&#8220;3.25&#8243;][et_pb_column type=&#8220;4_4&#8243; _builder_version=&#8220;3.25&#8243; custom_padding=&#8220;|||&#8220; custom_padding__hover=&#8220;|||&#8220;][et_pb_text _builder_version=&#8220;4.4.0&#8243; text_font=&#8220;||||||||&#8220; text_text_color=&#8220;#ffffff&#8220;]Was muss ich an dem Tag mitbringen?<\/p>\n<p>Sonnencreme, Sonnenh\u00fcte oder Kappen, Badebekleidung und Handt\u00fccher.<\/p>\n<p>Wie bezahle ich f\u00fcr die Bootsfahrt?<\/p>\n<p>Wir bitten um eine Anzahlung von 20%, um ein Termin zu sichern. Der Restbetrag ist am Tag in bar oder am Tag zuvor mit Visa \/ Mastercard zu zahlen.[\/et_pb_text][\/et_pb_column][\/et_pb_row][et_pb_row column_structure=&#8220;1_2,1_2&#8243; _builder_version=&#8220;3.25&#8243; custom_padding=&#8220;27px|0px|4px|0px|false|false&#8220;][et_pb_column type=&#8220;1_2&#8243; _builder_version=&#8220;3.25&#8243; custom_padding=&#8220;|||&#8220; custom_padding__hover=&#8220;|||&#8220;][et_pb_button button_url=&#8220;http:\/\/privateyachtcharter.pt\/de\/unsere-flotte\/&#8220; button_text=&#8220;\u00dcberpr\u00fcfen Sie die gesamte Flotte&#8220; button_alignment=&#8220;center&#8220; _builder_version=&#8220;3.19.5&#8243; custom_button=&#8220;on&#8220; button_text_color=&#8220;#ffffff&#8220; button_font=&#8220;||||||||&#8220;][\/et_pb_button][\/et_pb_column][et_pb_column type=&#8220;1_2&#8243; _builder_version=&#8220;3.25&#8243; custom_padding=&#8220;|||&#8220; custom_padding__hover=&#8220;|||&#8220;][et_pb_button button_url=&#8220;http:\/\/privateyachtcharter.pt\/de\/verfuegbarkeit-pruefen\/&#8220; button_text=&#8220; \u00dcberpr\u00fcfen Sie die Verf\u00fcgbarkeit&#8220; button_alignment=&#8220;center&#8220; _builder_version=&#8220;3.19.5&#8243; custom_button=&#8220;on&#8220; button_text_color=&#8220;#ffffff&#8220; button_font=&#8220;||||||||&#8220;][\/et_pb_button][\/et_pb_column][\/et_pb_row][\/et_pb_section]<\/p>\n","protected":false},"excerpt":{"rendered":"<p>[et_pb_section fb_built=&#8220;1&#8243; prev_background_color=&#8220;#ffffff&#8220; module_id=&#8220;algarve&#8220; _builder_version=&#8220;3.22&#8243; background_color=&#8220;#2275ac&#8220; custom_padding=&#8220;64px|0px|54px|0px|false|false&#8220; top_divider_style=&#8220;slant2&#8243; top_divider_height=&#8220;170px&#8220;][et_pb_row make_equal=&#8220;on&#8220; _builder_version=&#8220;3.25&#8243;][et_pb_column type=&#8220;4_4&#8243; _builder_version=&#8220;3.25&#8243; custom_padding=&#8220;|||&#8220; custom_padding__hover=&#8220;|||&#8220;][et_pb_image src=&#8220;http:\/\/privateyachtcharter.pt\/wp-content\/uploads\/2020\/02\/Benagil-Flavia.jpg&#8220; align_tablet=&#8220;center&#8220; align_phone=&#8220;&#8220; align_last_edited=&#8220;on|desktop&#8220; _builder_version=&#8220;3.23&#8243;][\/et_pb_image][et_pb_divider show_divider=&#8220;off&#8220; _builder_version=&#8220;3.19.5&#8243; height=&#8220;54px&#8220;][\/et_pb_divider][et_pb_text _builder_version=&#8220;3.27.4&#8243; text_font=&#8220;||||||||&#8220; text_text_color=&#8220;#ffffff&#8220;] Die Benagil-H\u00f6hlen sind ein &#8222;Muss&#8220;, wenn Sie die Algarve besuchen, und in Bezug auf &#8222;Dinge, die an der Algarve zu tun sind&#8220; sollten Sie unsere private Benagil-Tour von Portim\u00e3o [&hellip;]<\/p>\n","protected":false},"author":6,"featured_media":2934,"comment_status":"closed","ping_status":"closed","sticky":false,"template":"","format":"standard","meta":{"_et_pb_use_builder":"on","_et_pb_old_content":"","_et_gb_content_width":"","footnotes":""},"categories":[40],"tags":[],"class_list":["post-2628","post","type-post","status-publish","format-standard","has-post-thumbnail","hentry","category-algarve"],"aioseo_notices":[],"acf":[],"_links":{"self":[{"href":"https:\/\/privateyachtcharter.pt\/de\/wp-json\/wp\/v2\/posts\/2628","targetHints":{"allow":["GET"]}}],"collection":[{"href":"https:\/\/privateyachtcharter.pt\/de\/wp-json\/wp\/v2\/posts"}],"about":[{"href":"https:\/\/privateyachtcharter.pt\/de\/wp-json\/wp\/v2\/types\/post"}],"author":[{"embeddable":true,"href":"https:\/\/privateyachtcharter.pt\/de\/wp-json\/wp\/v2\/users\/6"}],"replies":[{"embeddable":true,"href":"https:\/\/privateyachtcharter.pt\/de\/wp-json\/wp\/v2\/comments?post=2628"}],"version-history":[{"count":13,"href":"https:\/\/privateyachtcharter.pt\/de\/wp-json\/wp\/v2\/posts\/2628\/revisions"}],"predecessor-version":[{"id":3123,"href":"https:\/\/privateyachtcharter.pt\/de\/wp-json\/wp\/v2\/posts\/2628\/revisions\/3123"}],"wp:featuredmedia":[{"embeddable":true,"href":"https:\/\/privateyachtcharter.pt\/de\/wp-json\/wp\/v2\/media\/2934"}],"wp:attachment":[{"href":"https:\/\/privateyachtcharter.pt\/de\/wp-json\/wp\/v2\/media?parent=2628"}],"wp:term":[{"taxonomy":"category","embeddable":true,"href":"https:\/\/privateyachtcharter.pt\/de\/wp-json\/wp\/v2\/categories?post=2628"},{"taxonomy":"post_tag","embeddable":true,"href":"https:\/\/privateyachtcharter.pt\/de\/wp-json\/wp\/v2\/tags?post=2628"}],"curies":[{"name":"wp","href":"https:\/\/api.w.org\/{rel}","templated":true}]}}